[{"@context":"https:\/\/schema.org\/","@type":"Article","@id":"https:\/\/www.lomnican.cz\/cas-na-zmenu-zivotniho-stylu\/#Article","mainEntityOfPage":"https:\/\/www.lomnican.cz\/cas-na-zmenu-zivotniho-stylu\/","headline":"\u010cas na zm\u011bnu \u017eivotn\u00edho stylu","name":"\u010cas na zm\u011bnu \u017eivotn\u00edho stylu","description":"Ka\u017ed\u00fd \u010dlov\u011bk, co m\u00e1 vysokou nadv\u00e1hu m\u00e1 i ni\u017e\u0161\u00ed sebev\u011bdom\u00ed a t\u00edm se velmi tr\u00e1p\u00ed. Mysl\u00ed si, \u017ee ho lid\u00e9 odsuzuj\u00ed a \u017ee je pro n\u011b m\u00e9n\u011b cenn\u00fd. Na tyto n\u00e1zory se v\u0161ak m\u016f\u017eete vyka\u0161lat, nejen, \u017ee to tak nen\u00ed, ale je to \u010dist\u011b va\u0161e v\u011bc. Tud\u00ed\u017e neberte v\u016fbec v potaz, co kdo \u0159\u00edk\u00e1, ale [&hellip;]","datePublished":"2025-06-14","dateModified":"2025-06-14","author":{"@type":"Person","@id":"https:\/\/www.lomnican.cz\/author\/#Person","name":"lomnican.cz\n","url":"https:\/\/www.lomnican.cz\/author\/","identifier":1,"image":{"@type":"ImageObject","@id":"https:\/\/secure.gravatar.com\/avatar\/d7705a23c50ede72936119380238a88bdeb91030521f9262dc3abc6fdd8add33?s=96&d=mm&r=g","url":"https:\/\/secure.gravatar.com\/avatar\/d7705a23c50ede72936119380238a88bdeb91030521f9262dc3abc6fdd8add33?s=96&d=mm&r=g","height":96,"width":96}},"publisher":{"@type":"Organization","name":"lomnican.cz","logo":{"@type":"ImageObject","@id":"\/logo.png","url":"\/logo.png","width":600,"height":60}},"image":{"@type":"ImageObject","@id":"https:\/\/www.lomnican.cz\/wp-content\/uploads\/girl-7876505_640.jpg","url":"https:\/\/www.lomnican.cz\/wp-content\/uploads\/girl-7876505_640.jpg","height":0,"width":0},"url":"https:\/\/www.lomnican.cz\/cas-na-zmenu-zivotniho-stylu\/","about":["Produkty"],"wordCount":467,"articleBody":"         Ka\u017ed\u00fd \u010dlov\u011bk, co m\u00e1 vysokou nadv\u00e1hu m\u00e1 i ni\u017e\u0161\u00ed sebev\u011bdom\u00ed a t\u00edm se velmi tr\u00e1p\u00ed. Mysl\u00ed si, \u017ee ho lid\u00e9 odsuzuj\u00ed a \u017ee je pro n\u011b m\u00e9n\u011b cenn\u00fd. Na tyto n\u00e1zory se v\u0161ak m\u016f\u017eete vyka\u0161lat, nejen, \u017ee to tak nen\u00ed, ale je to \u010dist\u011b va\u0161e v\u011bc. Tud\u00ed\u017e neberte v\u016fbec v potaz, co kdo \u0159\u00edk\u00e1, ale m\u011bjte otev\u0159enou mysl a sna\u017ete se zam\u011b\u0159it sami na sebe. Nikdy toti\u017e nen\u00ed pozd\u011b za\u010d\u00edt se zm\u011bnou a pokud u\u017e v\u00e1s nadv\u00e1ha a kompletn\u00ed stres doh\u00e1n\u00ed k \u0161\u00edlenstv\u00ed, tak za\u010dn\u011bte rovnou dnes. Z\u00e1kladem je, si v\u0161echno uspo\u0159\u00e1dat v hlav\u011b a potom zat\u00edm. Vezm\u011bte pap\u00edr, sepi\u0161te si, co byste cht\u011bli ka\u017ed\u00fd den d\u011blat, jak bude vypadat v\u00e1\u0161 j\u00eddeln\u00ed\u010dek a tak\u00e9 jak\u00fd pohyb ka\u017ed\u00fd den zvol\u00edte.Nejd\u016fle\u017eit\u011bj\u0161\u00ed je b\u00fdt na \u010derstv\u00e9m vzduchu a ze za\u010d\u00e1tku za\u010d\u00edt t\u0159eba proch\u00e1zkou. Po\u010d\u00edtejte si kroky na hodink\u00e1ch nebo na telefonu a v\u017edy se sna\u017ete p\u0159ekonat p\u0159edchoz\u00ed den, a\u0165 vid\u00edte pokrok. Ten bude zn\u00e1t nejen na v\u00e1s, ale i na va\u0161\u00ed v\u00e1ze. Pokud vych\u00e1z\u00ed \u010das j\u00eddla, kter\u00fd se mus\u00ed striktn\u011b dodr\u017eovat na \u010das, kdy jste na proch\u00e1zce, tak nev\u00e1hejte a vezm\u011bte si j\u00eddlo sebou. Zkr\u00e1tka se n\u011bkde zastav\u00edte, sednete si na lavi\u010dku nebo p\u0159i ch\u016fzi zakousnete ban\u00e1n na dopln\u011bn\u00ed energie. Je d\u016fle\u017eit\u00e9 m\u00edt v\u0161e pevn\u011b zakotven\u00e9 a neporu\u0161ovat z\u00e1sady, kter\u00e9 si stanov\u00edte. To znamen\u00e1, \u017ee si r\u00e1no ned\u00e1te k\u00e1vu se t\u0159emi l\u017ei\u010dkami cukru, ale d\u00e1te si t\u0159eba jednu l\u017ei\u010dku kratom extraktu. Ten dod\u00e1 energii a pozvedne n\u00e1ladu b\u011bhem cvi\u010den\u00ed i r\u00e1no p\u0159i vst\u00e1v\u00e1n\u00ed. D\u016fle\u017eit\u00e9 je, dr\u017eet se n\u011bjak\u00e9ho pl\u00e1nu a ka\u017ed\u00fd m\u011bs\u00edc zhodnotit v\u00fdsledky toho, co jste proto ud\u011blali. V\u017edy je d\u016fle\u017eit\u00e9 dodr\u017eet z\u00e1sady ohledn\u011b zdrav\u00e9ho a vyv\u00e1\u017een\u00e1 j\u00eddla. Nikdy nejezte p\u0159ed span\u00edm a u\u017e v\u016fbec ne sma\u017een\u00e9 nebo sladk\u00e9. Jde o to, abyste se c\u00edtili l\u00e9pe, a to ur\u010dit\u011b nevznikne t\u00edm, \u017ee si p\u0159ed span\u00edm d\u00e1te pe\u010den\u00fd b\u016f\u010dek s bramborem. Takov\u00fdm zp\u016fsobem se nehubne a u\u017e v\u016fbec nic to nem\u00e1 spole\u010dn\u00e9ho se zdrav\u00edm \u017eivotn\u00edm stylem. Zkuste se tedy zamyslet a zm\u011bnit to, co u\u017e v\u00e1s dlouho tr\u00e1p\u00ed.                                                                                                                                                                                                                                                                                                                                                                                          4.7\/5 - (6 votes)        "},{"@context":"https:\/\/schema.org\/","@type":"BreadcrumbList","itemListElement":[{"@type":"ListItem","position":1,"name":"\u010cas na zm\u011bnu \u017eivotn\u00edho stylu","item":"https:\/\/www.lomnican.cz\/cas-na-zmenu-zivotniho-stylu\/#breadcrumbitem"}]}]